{"id":176,"date":"2010-01-27T09:19:24","date_gmt":"2010-01-27T09:19:24","guid":{"rendered":"http:\/\/wp2.edge.is\/?p=176"},"modified":"2016-11-04T09:19:45","modified_gmt":"2016-11-04T09:19:45","slug":"orsyning-a-heradsskjalasafni-akureyrar","status":"publish","type":"post","link":"https:\/\/heradsskjalasafn.is\/?p=176","title":{"rendered":"\u00d6rs\u00fdning \u00e1 H\u00e9ra\u00f0sskjalasafni Akureyrar"},"content":{"rendered":"<p>\u00c1 b\u00f3ndadaginn, 22. jan\u00faar s.l. opna\u00f0i \u00f6rs\u00fdning \u00e1 skj\u00f6lum H\u00e9ra\u00f0sskjalasafns Akureyrar. Fundi\u00f0 var efni sem tengdist \u00feorranum \u00ed einkaskjalas\u00f6fnum, \u00fea\u00f0 lj\u00f3srita\u00f0 og sett \u00ed m\u00f6ppur.<\/p>\n<p><a href=\"http:\/\/wp1.edge.is\/wp-content\/uploads\/2014\/12\/her_aku_thorri.png\"><img loading=\"lazy\" decoding=\"async\" class=\"alignnone size-full wp-image-455\" src=\"http:\/\/wp1.edge.is\/wp-content\/uploads\/2014\/12\/her_aku_thorri.png\" alt=\"her_aku_thorri\" width=\"500\" height=\"375\" \/><\/a><\/p>\n<p>M\u00f6ppurnar voru s\u00ed\u00f0an settar \u00e1 \u00e1berandi sta\u00f0 \u00e1 Amtsb\u00f3kasafninu, sem er \u00ed sama h\u00fasi og H\u00e9ra\u00f0sskjalasafni\u00f0. \u00cd sta\u00f0 \u00feess a\u00f0 halda hef\u00f0bundna s\u00fdningu \u00fear sem skj\u00f6l eru loku\u00f0 \u00ed k\u00f6ssum var \u00feessi lei\u00f0 valin til \u00feess a\u00f0 f\u00e6ra skj\u00f6lin n\u00e6r almenningi, \u00fe.e. gestum b\u00f3kasafnsins, sem annars myndu ekki sko\u00f0a skj\u00f6l skjalasafnsins. S\u00fdningin mun standa \u00fat \u00feorrann og ef vel tekst til ver\u00f0ur reynt a\u00f0 halda \u00e1fram \u00ed sama d\u00far.<\/p>\n<p>AS<\/p>\n","protected":false},"excerpt":{"rendered":"<p>\u00c1 b\u00f3ndadaginn, 22. jan\u00faar s.l. opna\u00f0i \u00f6rs\u00fdning \u00e1 skj\u00f6lum H\u00e9ra\u00f0sskjalasafns Akureyrar. Fundi\u00f0 var efni sem tengdist \u00feorranum \u00ed einkaskjalas\u00f6fnum, \u00fea\u00f0 lj\u00f3srita\u00f0 og sett \u00ed m\u00f6ppur. M\u00f6ppurnar voru s\u00ed\u00f0an settar \u00e1 \u00e1berandi sta\u00f0 \u00e1 Amtsb\u00f3kasafninu, sem er \u00ed sama h\u00fasi og<\/p>\n","protected":false},"author":2,"featured_media":0,"comment_status":"closed","ping_status":"closed","sticky":false,"template":"","format":"standard","meta":{"footnotes":""},"categories":[5],"tags":[],"class_list":["post-176","post","type-post","status-publish","format-standard","hentry","category-frettir"],"_links":{"self":[{"href":"https:\/\/heradsskjalasafn.is\/index.php?rest_route=\/wp\/v2\/posts\/176","targetHints":{"allow":["GET"]}}],"collection":[{"href":"https:\/\/heradsskjalasafn.is\/index.php?rest_route=\/wp\/v2\/posts"}],"about":[{"href":"https:\/\/heradsskjalasafn.is\/index.php?rest_route=\/wp\/v2\/types\/post"}],"author":[{"embeddable":true,"href":"https:\/\/heradsskjalasafn.is\/index.php?rest_route=\/wp\/v2\/users\/2"}],"replies":[{"embeddable":true,"href":"https:\/\/heradsskjalasafn.is\/index.php?rest_route=%2Fwp%2Fv2%2Fcomments&post=176"}],"version-history":[{"count":1,"href":"https:\/\/heradsskjalasafn.is\/index.php?rest_route=\/wp\/v2\/posts\/176\/revisions"}],"predecessor-version":[{"id":177,"href":"https:\/\/heradsskjalasafn.is\/index.php?rest_route=\/wp\/v2\/posts\/176\/revisions\/177"}],"wp:attachment":[{"href":"https:\/\/heradsskjalasafn.is\/index.php?rest_route=%2Fwp%2Fv2%2Fmedia&parent=176"}],"wp:term":[{"taxonomy":"category","embeddable":true,"href":"https:\/\/heradsskjalasafn.is\/index.php?rest_route=%2Fwp%2Fv2%2Fcategories&post=176"},{"taxonomy":"post_tag","embeddable":true,"href":"https:\/\/heradsskjalasafn.is\/index.php?rest_route=%2Fwp%2Fv2%2Ftags&post=176"}],"curies":[{"name":"wp","href":"https:\/\/api.w.org\/{rel}","templated":true}]}}