{"id":174,"date":"2010-01-27T09:18:50","date_gmt":"2010-01-27T09:18:50","guid":{"rendered":"http:\/\/wp2.edge.is\/?p=174"},"modified":"2016-11-04T09:19:10","modified_gmt":"2016-11-04T09:19:10","slug":"bjarni-bachmann-fyrrverandi-heradsskjalavordur-latinn","status":"publish","type":"post","link":"https:\/\/heradsskjalasafn.is\/?p=174","title":{"rendered":"Bjarni Bachmann fyrrverandi h\u00e9ra\u00f0sskjalav\u00f6r\u00f0ur l\u00e1tinn"},"content":{"rendered":"<div><a href=\"http:\/\/wp1.edge.is\/wp-content\/uploads\/2014\/12\/her_borg_bjarni_bachmann.jpg\"><img loading=\"lazy\" decoding=\"async\" class=\"alignnone wp-image-452\" src=\"http:\/\/wp1.edge.is\/wp-content\/uploads\/2014\/12\/her_borg_bjarni_bachmann.jpg\" alt=\"her_borg_bjarni_bachmann\" width=\"791\" height=\"1025\" \/><\/a><\/div>\n<div>\n<p>Bjarni Bachmann fyrrverandi safnv\u00f6r\u00f0ur og h\u00e9ra\u00f0sskjalav\u00f6r\u00f0ur er l\u00e1tinn, n\u00edr\u00e6\u00f0ur a\u00f0 aldri. Bjarni var fyrsti forst\u00f6\u00f0uma\u00f0ur safnanna \u00ed Borgarnesi og gengdi \u00fev\u00ed starfi \u00ed aldarfj\u00f3r\u00f0ung \u00e1 \u00e1runum 1969-1994.Bjarni vann \u00fe\u00e1 miki\u00f0 frumkv\u00f6\u00f0lastarf og m.a. s\u00e1 sem vann me\u00f0 Hallsteini Sveinssyni a\u00f0 \u00fev\u00ed a\u00f0 koma gj\u00f6f hans til safnanna um 1970. Me\u00f0 \u00fev\u00ed var lag\u00f0ur grunnur a\u00f0 Listasafni Borgarness sem \u00e1 um 500 listaverk \u00ed dag. Bjarni kom einnig \u00e1 f\u00f3t n\u00e1tt\u00farugripasafni, sem \u00e1 m.a. vi\u00f0amiki\u00f0 fuglasafn. Bygg\u00f0asafn Borgarfjar\u00f0ar efldist mj\u00f6g um hans daga, svo og h\u00e9ra\u00f0sskjalasafni\u00f0 og b\u00f3kasafni\u00f0. Einnig var P\u00e1lssafni (b\u00f3kasafni P\u00e1ls J\u00f3nssonar) komi\u00f0 fyrir \u00ed Safnah\u00fasi \u00ed hans t\u00ed\u00f0. \u00c1 \u00feessum \u00e1rum vann Bjarni miki\u00f0 og \u00f3eigingjarnt starf fyrir s\u00f6fnin, \u00e1samt konu sinni \u00d6nnu Bachmann sem einnig starfa\u00f0i \u00fear.<\/p>\n<\/div>\n","protected":false},"excerpt":{"rendered":"<p>Bjarni Bachmann fyrrverandi safnv\u00f6r\u00f0ur og h\u00e9ra\u00f0sskjalav\u00f6r\u00f0ur er l\u00e1tinn, n\u00edr\u00e6\u00f0ur a\u00f0 aldri. Bjarni var fyrsti forst\u00f6\u00f0uma\u00f0ur safnanna \u00ed Borgarnesi og gengdi \u00fev\u00ed starfi \u00ed aldarfj\u00f3r\u00f0ung \u00e1 \u00e1runum 1969-1994.Bjarni vann \u00fe\u00e1 miki\u00f0 frumkv\u00f6\u00f0lastarf og m.a. s\u00e1 sem vann me\u00f0 Hallsteini Sveinssyni a\u00f0<\/p>\n","protected":false},"author":2,"featured_media":0,"comment_status":"closed","ping_status":"closed","sticky":false,"template":"","format":"standard","meta":{"footnotes":""},"categories":[5],"tags":[],"class_list":["post-174","post","type-post","status-publish","format-standard","hentry","category-frettir"],"_links":{"self":[{"href":"https:\/\/heradsskjalasafn.is\/index.php?rest_route=\/wp\/v2\/posts\/174","targetHints":{"allow":["GET"]}}],"collection":[{"href":"https:\/\/heradsskjalasafn.is\/index.php?rest_route=\/wp\/v2\/posts"}],"about":[{"href":"https:\/\/heradsskjalasafn.is\/index.php?rest_route=\/wp\/v2\/types\/post"}],"author":[{"embeddable":true,"href":"https:\/\/heradsskjalasafn.is\/index.php?rest_route=\/wp\/v2\/users\/2"}],"replies":[{"embeddable":true,"href":"https:\/\/heradsskjalasafn.is\/index.php?rest_route=%2Fwp%2Fv2%2Fcomments&post=174"}],"version-history":[{"count":1,"href":"https:\/\/heradsskjalasafn.is\/index.php?rest_route=\/wp\/v2\/posts\/174\/revisions"}],"predecessor-version":[{"id":175,"href":"https:\/\/heradsskjalasafn.is\/index.php?rest_route=\/wp\/v2\/posts\/174\/revisions\/175"}],"wp:attachment":[{"href":"https:\/\/heradsskjalasafn.is\/index.php?rest_route=%2Fwp%2Fv2%2Fmedia&parent=174"}],"wp:term":[{"taxonomy":"category","embeddable":true,"href":"https:\/\/heradsskjalasafn.is\/index.php?rest_route=%2Fwp%2Fv2%2Fcategories&post=174"},{"taxonomy":"post_tag","embeddable":true,"href":"https:\/\/heradsskjalasafn.is\/index.php?rest_route=%2Fwp%2Fv2%2Ftags&post=174"}],"curies":[{"name":"wp","href":"https:\/\/api.w.org\/{rel}","templated":true}]}}