{"id":172,"date":"2009-12-23T09:15:15","date_gmt":"2009-12-23T09:15:15","guid":{"rendered":"http:\/\/wp2.edge.is\/?p=172"},"modified":"2016-11-04T09:15:34","modified_gmt":"2016-11-04T09:15:34","slug":"skyrsla-um-fyrsta-ataksverkefni-felags-heradsskjalavarda","status":"publish","type":"post","link":"https:\/\/heradsskjalasafn.is\/?p=172","title":{"rendered":"Sk\u00fdrsla um fyrsta \u00e1taksverkefni F\u00e9lags h\u00e9ra\u00f0sskjalavar\u00f0a"},"content":{"rendered":"<p>Ni\u00f0urst\u00f6\u00f0ur af \u00e1taksverkefni F\u00e9lags h\u00e9ra\u00f0sskjalavar\u00f0a um skjalas\u00f6fn kvenf\u00e9laga og f\u00e9laga kvenna hafa n\u00fa veri\u00f0 teknar saman \u00ed <a href=\"http:\/\/wp1.edge.is\/wp-content\/uploads\/2014\/11\/kvenfelagaskjalasofn_2009_13_01_10.pdf\" target=\"_blank\">fyrstu sk\u00fdrslu f\u00e9lagsins<\/a>. \u00c1taki\u00f0 h\u00f3fst 15. apr\u00edl og lauk 15. n\u00f3vember. Haldi\u00f0 ver\u00f0ur \u00e1fram a\u00f0 taka vi\u00f0 afhendingum skjalasafna f\u00e9laganna \u00ed h\u00e9ra\u00f0sskjalas\u00f6fnunum eins og h\u00e9ra\u00f0sskjalas\u00f6fnunum er skylt.<\/p>\n<p>Verkefni\u00f0 gekk vel. Fyrir \u00e1taki\u00f0 voru var\u00f0veitt skj\u00f6l fr\u00e1 113 kvenf\u00e9l\u00f6gum \u00ed h\u00e9ra\u00f0sskjalas\u00f6fnunum, en eftir \u00fea\u00f0 fr\u00e1 127 kvenf\u00e9l\u00f6gum, \u00fe.e. aukning um 14 f\u00e9l\u00f6g. R\u00famu\u00f0ust skjalas\u00f6fn kvenna og kvenf\u00e9laga fyrir \u00e1taki\u00f0 \u00ed 48,2 hillumetrum \u00ed h\u00e9ra\u00f0sskjalas\u00f6fnunum og vi\u00f0 b\u00e6ttust 6,28 hillumetrar, \u00fea\u00f0 er um 11,5% aukning \u00ed magni.<\/p>\n<p>N\u00fdtt \u00e1tak er \u00e1forma\u00f0 \u00e1 n\u00fdju \u00e1ri og ver\u00f0ur vi\u00f0fangsefni \u00feess s\u00f3knarnefndir.<\/p>\n","protected":false},"excerpt":{"rendered":"<p>Ni\u00f0urst\u00f6\u00f0ur af \u00e1taksverkefni F\u00e9lags h\u00e9ra\u00f0sskjalavar\u00f0a um skjalas\u00f6fn kvenf\u00e9laga og f\u00e9laga kvenna hafa n\u00fa veri\u00f0 teknar saman \u00ed fyrstu sk\u00fdrslu f\u00e9lagsins. \u00c1taki\u00f0 h\u00f3fst 15. apr\u00edl og lauk 15. n\u00f3vember. Haldi\u00f0 ver\u00f0ur \u00e1fram a\u00f0 taka vi\u00f0 afhendingum skjalasafna f\u00e9laganna \u00ed h\u00e9ra\u00f0sskjalas\u00f6fnunum eins<\/p>\n","protected":false},"author":2,"featured_media":0,"comment_status":"closed","ping_status":"closed","sticky":false,"template":"","format":"standard","meta":{"footnotes":""},"categories":[5],"tags":[],"class_list":["post-172","post","type-post","status-publish","format-standard","hentry","category-frettir"],"_links":{"self":[{"href":"https:\/\/heradsskjalasafn.is\/index.php?rest_route=\/wp\/v2\/posts\/172","targetHints":{"allow":["GET"]}}],"collection":[{"href":"https:\/\/heradsskjalasafn.is\/index.php?rest_route=\/wp\/v2\/posts"}],"about":[{"href":"https:\/\/heradsskjalasafn.is\/index.php?rest_route=\/wp\/v2\/types\/post"}],"author":[{"embeddable":true,"href":"https:\/\/heradsskjalasafn.is\/index.php?rest_route=\/wp\/v2\/users\/2"}],"replies":[{"embeddable":true,"href":"https:\/\/heradsskjalasafn.is\/index.php?rest_route=%2Fwp%2Fv2%2Fcomments&post=172"}],"version-history":[{"count":1,"href":"https:\/\/heradsskjalasafn.is\/index.php?rest_route=\/wp\/v2\/posts\/172\/revisions"}],"predecessor-version":[{"id":173,"href":"https:\/\/heradsskjalasafn.is\/index.php?rest_route=\/wp\/v2\/posts\/172\/revisions\/173"}],"wp:attachment":[{"href":"https:\/\/heradsskjalasafn.is\/index.php?rest_route=%2Fwp%2Fv2%2Fmedia&parent=172"}],"wp:term":[{"taxonomy":"category","embeddable":true,"href":"https:\/\/heradsskjalasafn.is\/index.php?rest_route=%2Fwp%2Fv2%2Fcategories&post=172"},{"taxonomy":"post_tag","embeddable":true,"href":"https:\/\/heradsskjalasafn.is\/index.php?rest_route=%2Fwp%2Fv2%2Ftags&post=172"}],"curies":[{"name":"wp","href":"https:\/\/api.w.org\/{rel}","templated":true}]}}