{"id":170,"date":"2009-12-22T09:14:46","date_gmt":"2009-12-22T09:14:46","guid":{"rendered":"http:\/\/wp2.edge.is\/?p=170"},"modified":"2016-11-04T09:15:04","modified_gmt":"2016-11-04T09:15:04","slug":"jolasyning-heradsskjalasafns-austfirdinga","status":"publish","type":"post","link":"https:\/\/heradsskjalasafn.is\/?p=170","title":{"rendered":"J\u00f3las\u00fdning H\u00e9ra\u00f0sskjalasafns Austfir\u00f0inga"},"content":{"rendered":"<p>H\u00e9ra\u00f0sskjalasafn Austfir\u00f0inga birtir reglulega \u00e1 heimas\u00ed\u00f0u sinni (<a href=\"http:\/\/www.heraust.is\/\" target=\"_blank\">www.heraust.is<\/a>) myndas\u00fdningar sem jafnan innihalda myndir \u00far safni Lj\u00f3smyndasafns Austurlands, en \u00fea\u00f0 safni er h\u00fdst hj\u00e1 h\u00e9ra\u00f0sskjalasafninu.<\/p>\n<p>N\u00fdlega birtist myndas\u00fdning \u00e1 heimas\u00ed\u00f0u safnsins. S\u00fdningin nefnist einfaldlega\u00a0<em>J\u00f3las\u00fdning<\/em> (og\u00a0m\u00e1 finna hana undir flipanum <em>Myndir<\/em> efst \u00e1 s\u00ed\u00f0unni). A\u00f0 venju hefur Arnd\u00eds \u00deorvaldsd\u00f3ttir haft veg og vanda af vali mynda \u00e1 s\u00fdninguna og jafnframt ritar h\u00fan myndatexta. Myndirnar \u00ed s\u00fdningunni eru allar teknar af Emil\u00edu Bl\u00f6ndal. \u00c1rt\u00f6l eru tilgreind s\u00e9u \u00feau \u00feekkt.<\/p>\n<p><a href=\"http:\/\/wp1.edge.is\/wp-content\/uploads\/2014\/11\/her_aust_jolasyning.jpg\"><img loading=\"lazy\" decoding=\"async\" class=\"alignnone size-full wp-image-419\" src=\"http:\/\/wp1.edge.is\/wp-content\/uploads\/2014\/11\/her_aust_jolasyning.jpg\" alt=\"her_aust_jolasyning\" width=\"800\" height=\"611\" \/><\/a><\/p>\n<p><em>\u00cd sumri og s\u00f3l. \u00d3\u00feekktar konur \u00ed gar\u00f0inum vi\u00f0 S\u00f3lvang.<\/em><\/p>\n<p>Emil\u00eda Antonsd\u00f3ttir Bl\u00f6ndal f\u00e6ddist \u00e1 Sey\u00f0isfir\u00f0i 6. mars 1897. H\u00fan l\u00e6r\u00f0i lj\u00f3smyndun \u00e1 Lj\u00f3smyndastofu Eyj\u00f3lfs J\u00f3nssonar og starfa\u00f0i \u00fear \u00e1 \u00e1runum 1915-1924. \u00c1ri\u00f0 1924 giftist h\u00fan The\u00f3d\u00f3r Bl\u00f6ndal, banka\u00fatib\u00fasstj\u00f3ra, og vann ekki opinberlega vi\u00f0 lj\u00f3smyndun eftir \u00fea\u00f0. Emil\u00eda l\u00e9st \u00e1ri\u00f0 1987.<\/p>\n<p>Lj\u00f3smyndav\u00e9lin var aldrei langt undan og eru myndir Emil\u00edu \u00f3metanlegar heimildir um mannl\u00edf og atvinnuh\u00e6tti \u00ed Sey\u00f0isfjar\u00f0arkaupsta\u00f0 \u00e1 20. \u00f6ld. \u00cd l\u00edfi Emil\u00edu var fj\u00f6lskyldan \u00ed fyrsta s\u00e6ti og s\u00fdna margar myndir hennar b\u00f6rn a\u00f0 leik og eru \u00feannig b\u00e6\u00f0i heimild um leiki barna og kl\u00e6\u00f0na\u00f0. Afkomendur Emil\u00edu f\u00e6r\u00f0u Lj\u00f3smyndasafni Austurlands myndir hennar og filmusafn til var\u00f0veislu \u00e1ri\u00f0 2003. S\u00f3lveig Sigur\u00f0ard\u00f3ttir, b\u00f3kv\u00f6r\u00f0ur \u00e1 Sey\u00f0isfir\u00f0i, skanna\u00f0i myndirnar og vann samhli\u00f0a \u00f3metanlegt starf vi\u00f0 \u00f6flun uppl\u00fdsinga.<\/p>\n<p>HL<\/p>\n","protected":false},"excerpt":{"rendered":"<p>H\u00e9ra\u00f0sskjalasafn Austfir\u00f0inga birtir reglulega \u00e1 heimas\u00ed\u00f0u sinni (www.heraust.is) myndas\u00fdningar sem jafnan innihalda myndir \u00far safni Lj\u00f3smyndasafns Austurlands, en \u00fea\u00f0 safni er h\u00fdst hj\u00e1 h\u00e9ra\u00f0sskjalasafninu. N\u00fdlega birtist myndas\u00fdning \u00e1 heimas\u00ed\u00f0u safnsins. S\u00fdningin nefnist einfaldlega\u00a0J\u00f3las\u00fdning (og\u00a0m\u00e1 finna hana undir flipanum Myndir efst<\/p>\n","protected":false},"author":2,"featured_media":0,"comment_status":"closed","ping_status":"closed","sticky":false,"template":"","format":"standard","meta":{"footnotes":""},"categories":[5],"tags":[],"class_list":["post-170","post","type-post","status-publish","format-standard","hentry","category-frettir"],"_links":{"self":[{"href":"https:\/\/heradsskjalasafn.is\/index.php?rest_route=\/wp\/v2\/posts\/170","targetHints":{"allow":["GET"]}}],"collection":[{"href":"https:\/\/heradsskjalasafn.is\/index.php?rest_route=\/wp\/v2\/posts"}],"about":[{"href":"https:\/\/heradsskjalasafn.is\/index.php?rest_route=\/wp\/v2\/types\/post"}],"author":[{"embeddable":true,"href":"https:\/\/heradsskjalasafn.is\/index.php?rest_route=\/wp\/v2\/users\/2"}],"replies":[{"embeddable":true,"href":"https:\/\/heradsskjalasafn.is\/index.php?rest_route=%2Fwp%2Fv2%2Fcomments&post=170"}],"version-history":[{"count":1,"href":"https:\/\/heradsskjalasafn.is\/index.php?rest_route=\/wp\/v2\/posts\/170\/revisions"}],"predecessor-version":[{"id":171,"href":"https:\/\/heradsskjalasafn.is\/index.php?rest_route=\/wp\/v2\/posts\/170\/revisions\/171"}],"wp:attachment":[{"href":"https:\/\/heradsskjalasafn.is\/index.php?rest_route=%2Fwp%2Fv2%2Fmedia&parent=170"}],"wp:term":[{"taxonomy":"category","embeddable":true,"href":"https:\/\/heradsskjalasafn.is\/index.php?rest_route=%2Fwp%2Fv2%2Fcategories&post=170"},{"taxonomy":"post_tag","embeddable":true,"href":"https:\/\/heradsskjalasafn.is\/index.php?rest_route=%2Fwp%2Fv2%2Ftags&post=170"}],"curies":[{"name":"wp","href":"https:\/\/api.w.org\/{rel}","templated":true}]}}