{"id":168,"date":"2009-12-17T09:14:10","date_gmt":"2009-12-17T09:14:10","guid":{"rendered":"http:\/\/wp2.edge.is\/?p=168"},"modified":"2016-11-04T09:14:31","modified_gmt":"2016-11-04T09:14:31","slug":"skjol-fra-thingvallahreppi-hinum-forna","status":"publish","type":"post","link":"https:\/\/heradsskjalasafn.is\/?p=168","title":{"rendered":"Skj\u00f6l fr\u00e1 \u00deingvallahreppi hinum forna"},"content":{"rendered":"<p align=\"justify\">\u00deann 11. desember sl. voru H\u00e9ra\u00f0sskjalasafni \u00c1rnesinga afhent skj\u00f6l tveggja hreppstj\u00f3ra \u00far \u00deingvallahreppi hinum forna, sem n\u00fa er hluti af sveitarf\u00e9laginu Bl\u00e1sk\u00f3gabygg\u00f0. \u00deetta voru skj\u00f6l J\u00f3nasar Halld\u00f3rssonar fr\u00e1 Hraunt\u00fani (hreppstj\u00f3ri 1879-1923) og Einars Halld\u00f3rssonar fr\u00e1 K\u00e1rast\u00f6\u00f0um (hreppstj\u00f3ri 1923-1947). Sonur og sonarsonur Einars, voru \u00feeir Gu\u00f0bj\u00f6rn Einarsson fr\u00e1 K\u00e1rast\u00f6\u00f0um (hreppstj\u00f3ri 1947-1982) og Helgi Gu\u00f0bj\u00f6rnsson fr\u00e1 K\u00e1rast\u00f6\u00f0um (hreppstj\u00f3ri 1982-2002) en hann var s\u00ed\u00f0asti hreppstj\u00f3rinn \u00ed \u00deingvallahreppi. Skj\u00f6lin voru var\u00f0veitt hj\u00e1 K\u00e1rasta\u00f0afj\u00f6lskyldunni fr\u00e1 1947 allt \u00fear til n\u00fa. Fj\u00f3rar afhendingar \u00e1 skj\u00f6lum \u00deingvallahrepps m.a. me\u00f0 skj\u00f6lum Gu\u00f0bjarnar og Helga voru \u00feegar komnar \u00ed h\u00fas.<\/p>\n<div align=\"justify\"><a href=\"http:\/\/wp1.edge.is\/wp-content\/uploads\/2014\/11\/her_arn_hreppsbok_thingvellir.jpg\"><img loading=\"lazy\" decoding=\"async\" class=\"alignnone size-full wp-image-416\" src=\"http:\/\/wp1.edge.is\/wp-content\/uploads\/2014\/11\/her_arn_hreppsbok_thingvellir.jpg\" alt=\"her_arn_hreppsbok_thingvellir\" width=\"589\" height=\"451\" \/><\/a><\/div>\n<div align=\"justify\">\n<p><em>Hreppaskila og sk\u00fdrslnab\u00f3k fyrir \u00deingvallahrepp auk nokkurra br\u00e9fa fr\u00e1 s\u00fdslumanninum \u00ed \u00c1rness\u00fdslu<\/em>.<em>Afhendingarn\u00famer H\u00e9r.\u00c1rn. 2009\/63 Hreppstj\u00f3rinn \u00ed \u00deingvallahreppi<\/em>.<\/p>\n<div align=\"justify\">\n<p>Hreppstj\u00f3rar eru umbo\u00f0smenn s\u00fdslumanns og voru alla jafna \u00fer\u00edr til fimm \u00ed hverjum hreppi fram til 1809, en \u00fe\u00e1 var \u00feeim f\u00e6kka\u00f0 ni\u00f0ur \u00ed einn til tvo samkv\u00e6mt hreppstj\u00f3rainstr\u00faxinu. \u00deeim hefur \u00e1 s\u00ed\u00f0ustu \u00e1ratugum sm\u00e1m saman f\u00e6kka\u00f0 enda eru \u00feeir einfaldlega ekki skipa\u00f0ir sbr. 1. gr. laga nr. 32\/1965 um hreppstj\u00f3ra \u00fear sem ekki er talin \u00fe\u00f6rf \u00e1 hreppstj\u00f3ra. \u00cd m\u00f6rgum s\u00fdslum landsins eru hreppstj\u00f3raemb\u00e6ttin \u00fev\u00ed ekki lengur til sta\u00f0ar. Skj\u00f6l hreppstj\u00f3ra, \u00fe.e. \u00feau sem ver\u00f0a til vegna emb\u00e6ttisf\u00e6rslna \u00feeirra, eru skv. regluger\u00f0 283\/1994 skilaskyld \u00e1 h\u00e9ra\u00f0sskjalas\u00f6fn.<\/p>\n<p>Me\u00f0al \u00feeirra skjala sem voru afhent m\u00e1 nefna s\u00e1ttab\u00f3k, kassab\u00f3k, gj\u00f6r\u00f0ab\u00f3k gripa\u00e1byrg\u00f0asj\u00f3\u00f0s, kj\u00f6rb\u00e6kur fyrir al\u00feingis- og prestskosningar, hundahaldsb\u00f3k, hreppskila- og sk\u00fdrslnab\u00f3k fyrir \u00deingvallahrepp og yfir 100 br\u00e9f, flest fr\u00e1 s\u00fdslumanninum \u00ed \u00c1rness\u00fdslu til hreppstj\u00f3rans. Br\u00e9fin eru flest ritu\u00f0 \u00e1 \u00e1rabilinu 1870-1910.<\/p>\n<p>\u00deau skj\u00f6l sem afhent voru renna en styrkari sto\u00f0um undir frekari ranns\u00f3knir \u00e1 s\u00f6gu \u00deingvallahrepps \u00e1 seinni hluta 19. aldar og fyrstu \u00e1rum \u00feeirrar tuttugustu. Safni\u00f0 b\u00ed\u00f0ur skr\u00e1ningar.<\/p>\n<p align=\"right\">\u00deTM<\/p>\n<\/div>\n<\/div>\n","protected":false},"excerpt":{"rendered":"<p>\u00deann 11. desember sl. voru H\u00e9ra\u00f0sskjalasafni \u00c1rnesinga afhent skj\u00f6l tveggja hreppstj\u00f3ra \u00far \u00deingvallahreppi hinum forna, sem n\u00fa er hluti af sveitarf\u00e9laginu Bl\u00e1sk\u00f3gabygg\u00f0. \u00deetta voru skj\u00f6l J\u00f3nasar Halld\u00f3rssonar fr\u00e1 Hraunt\u00fani (hreppstj\u00f3ri 1879-1923) og Einars Halld\u00f3rssonar fr\u00e1 K\u00e1rast\u00f6\u00f0um (hreppstj\u00f3ri 1923-1947). Sonur og<\/p>\n","protected":false},"author":2,"featured_media":0,"comment_status":"closed","ping_status":"closed","sticky":false,"template":"","format":"standard","meta":{"footnotes":""},"categories":[5],"tags":[],"class_list":["post-168","post","type-post","status-publish","format-standard","hentry","category-frettir"],"_links":{"self":[{"href":"https:\/\/heradsskjalasafn.is\/index.php?rest_route=\/wp\/v2\/posts\/168","targetHints":{"allow":["GET"]}}],"collection":[{"href":"https:\/\/heradsskjalasafn.is\/index.php?rest_route=\/wp\/v2\/posts"}],"about":[{"href":"https:\/\/heradsskjalasafn.is\/index.php?rest_route=\/wp\/v2\/types\/post"}],"author":[{"embeddable":true,"href":"https:\/\/heradsskjalasafn.is\/index.php?rest_route=\/wp\/v2\/users\/2"}],"replies":[{"embeddable":true,"href":"https:\/\/heradsskjalasafn.is\/index.php?rest_route=%2Fwp%2Fv2%2Fcomments&post=168"}],"version-history":[{"count":1,"href":"https:\/\/heradsskjalasafn.is\/index.php?rest_route=\/wp\/v2\/posts\/168\/revisions"}],"predecessor-version":[{"id":169,"href":"https:\/\/heradsskjalasafn.is\/index.php?rest_route=\/wp\/v2\/posts\/168\/revisions\/169"}],"wp:attachment":[{"href":"https:\/\/heradsskjalasafn.is\/index.php?rest_route=%2Fwp%2Fv2%2Fmedia&parent=168"}],"wp:term":[{"taxonomy":"category","embeddable":true,"href":"https:\/\/heradsskjalasafn.is\/index.php?rest_route=%2Fwp%2Fv2%2Fcategories&post=168"},{"taxonomy":"post_tag","embeddable":true,"href":"https:\/\/heradsskjalasafn.is\/index.php?rest_route=%2Fwp%2Fv2%2Ftags&post=168"}],"curies":[{"name":"wp","href":"https:\/\/api.w.org\/{rel}","templated":true}]}}