{"id":166,"date":"2009-11-20T09:12:53","date_gmt":"2009-11-20T09:12:53","guid":{"rendered":"http:\/\/wp2.edge.is\/?p=166"},"modified":"2016-11-04T15:06:56","modified_gmt":"2016-11-04T15:06:56","slug":"haustfundur-skjalavarda-2009","status":"publish","type":"post","link":"https:\/\/heradsskjalasafn.is\/?p=166","title":{"rendered":"Haustfundur skjalavar\u00f0a 2009"},"content":{"rendered":"<p align=\"justify\">Dagana 5. og 6. n\u00f3vember sl. hittust skjalaver\u00f0ir fr\u00e1 \u00dej\u00f3\u00f0skjalasafni \u00cdslands og h\u00e9ra\u00f0sskjalas\u00f6fnum landsins \u00e1 fundi \u00ed fundarsal \u00dej\u00f3\u00f0skjalasafns. Um var a\u00f0 r\u00e6\u00f0a reglulegan fund skjalavar\u00f0a, en s\u00ed\u00f0ast var sl\u00edkur fundur haldinn \u00e1 Egilsst\u00f6\u00f0um 29. og 30. apr\u00edl sl.<\/p>\n<p align=\"justify\">\u00de\u00f3 fundurinn teyg\u00f0i sig \u00e1 tvo daga var dagskr\u00e1 hans \u00fe\u00e9tt enda margv\u00edsleg verkefni sem skjalas\u00f6fnin takast \u00e1 vi\u00f0, b\u00e6\u00f0i n\u00fd og g\u00f6mul, og var \u00fev\u00ed af n\u00e6gum umr\u00e6\u00f0uefnum a\u00f0 taka. Me\u00f0al helstu umr\u00e6\u00f0uefna \u00e1 fundinum m\u00e1 nefna n\u00fdjar reglur um skil \u00e1 rafr\u00e6num skj\u00f6lum og hvernig sta\u00f0i\u00f0 ver\u00f0ur a\u00f0 m\u00f3tt\u00f6ku \u00feeirra.<\/p>\n<p align=\"justify\">Me\u00f0 n\u00fdlegri breytingu \u00e1 l\u00f6gum um \u00dej\u00f3\u00f0skjalasafn \u00cdslands var opna\u00f0 \u00e1 a\u00f0 hi\u00f0 opinbera og stofnanir \u00feess geti skila\u00f0 skj\u00f6lum rafr\u00e6nt til skjalasafna. \u00cd kj\u00f6lfari\u00f0 voru samdar reglur um skil \u00e1 rafr\u00e6num skj\u00f6lum og t\u00f3ku \u00fe\u00e6r gildi sl. sumar. \u00c1 fundinum \u00ed \u00dej\u00f3\u00f0skjalasafni var r\u00e6tt um framkv\u00e6md skila afhendingarskyldra a\u00f0ila \u00e1 rafr\u00e6num skj\u00f6lum en lj\u00f3st a\u00f0 h\u00e9r er b\u00e6\u00f0i um a\u00f0 r\u00e6\u00f0a fl\u00f3ki\u00f0 og vi\u00f0amiki\u00f0 verkefni sem deildar meiningar eru um hvort a\u00f0 \u00f3breyttu \u00f6nnur s\u00f6fn en \u00dej\u00f3\u00f0skjalasafni\u00f0 r\u00e1\u00f0i almennt vi\u00f0.<\/p>\n<p align=\"justify\">Anna\u00f0 veigamiki\u00f0 m\u00e1l sem fundurinn fjalla\u00f0i um var \u00fea\u00f0 eftirlitshlutverk sem skjalas\u00f6fnunum, b\u00e6\u00f0i \u00dej\u00f3\u00f0skjalasafni og h\u00e9ra\u00f0sskjalas\u00f6fnum, ber a\u00f0 hafa gagnvart afhendingarskyldum a\u00f0ilum, er \u00fear v\u00edsa\u00f0 til r\u00edkisins (og stofnana \u00feess) og sveitarf\u00e9laganna og undirstofnana \u00feeirra. Lengi hefur veri\u00f0 \u00e1kve\u00f0in \u00f3vissa um hvort eftirlitshlutverk me\u00f0 skjalav\u00f6rslu sveitarf\u00e9laga og stofnana \u00feeirra l\u00e6gi hj\u00e1 \u00dej\u00f3\u00f0skjalasafni e\u00f0a \u00fev\u00ed h\u00e9ra\u00f0sskjalasafni sem vi\u00f0komandi sveitarf\u00e9lag heyrir undir. \u00cd n\u00fdlegum \u00farskur\u00f0i menntam\u00e1lar\u00e1\u00f0uneytisins um \u00feetta efni eru tekin af tv\u00edm\u00e6li um a\u00f0 \u00feetta en \u00fear kemur fram a\u00f0 hvert h\u00e9ra\u00f0sskjalasafn skuli sj\u00e1 um eftirlit me\u00f0 skilaskyldum a\u00f0ilum \u00e1 s\u00ednu sv\u00e6\u00f0i. \u00deetta er st\u00f3rt verkefni fyrir h\u00e9ra\u00f0sskjalas\u00f6fnin a\u00f0 f\u00e1st vi\u00f0 en jafnframt styrkir \u00fea\u00f0 stj\u00f3rns\u00fdslulega st\u00f6\u00f0u \u00feeirra a\u00f0 n\u00fa s\u00e9 \u00f3tv\u00edr\u00e6tt a\u00f0 \u00feessi \u00e1byrg\u00f0 hv\u00edli \u00e1 \u00feeim.<\/p>\n<p align=\"justify\">Af \u00f6\u00f0rum m\u00e1lum m\u00e1 nefna a\u00f0 n\u00fd handb\u00f3k um skjalav\u00f6rslu sveitarf\u00e9laga er v\u00e6ntanleg \u00ed upphafi n\u00e6sta \u00e1rs og var h\u00fan kynnt \u00e1 fundinum. F\u00e9kk handb\u00f3kin j\u00e1kv\u00e6\u00f0 vi\u00f0br\u00f6g\u00f0 me\u00f0al fundarmanna. Einnig var r\u00e6tt um aukna samvinnu \u00dej\u00f3\u00f0skjalasafns og h\u00e9ra\u00f0sskjalasafna \u00e1 \u00fdmsum svi\u00f0um en \u00fe\u00f6rfin fyrir margh\u00e1tta\u00f0a samvinnu er br\u00fdnni n\u00fa en oft \u00e1\u00f0ur vegna \u00feess ni\u00f0urskur\u00f0ar \u00e1 fj\u00e1rveitingum sem s\u00f6fnin \u00feurfa a\u00f0 takast \u00e1 vi\u00f0.<\/p>\n<p align=\"justify\">N\u00fdafsta\u00f0inn skjalavar\u00f0afundur \u00fe\u00f3tti takast vel og f\u00e9kk undirb\u00faningsh\u00f3pur hans \u00feakkir fr\u00e1 fundarm\u00f6nnum, en h\u00f3pinn skipu\u00f0u \u00deorsteinn Tryggvi M\u00e1sson (H\u00e9ra\u00f0sskjalasafni \u00c1rnesinga), A\u00f0albj\u00f6rg Sigmarsd\u00f3ttir (H\u00e9ra\u00f0sskjalasafni\u00f0 \u00e1 Akureyri) og Nj\u00f6r\u00f0ur Sigur\u00f0sson (\u00dej\u00f3\u00f0skjalasafn \u00cdslands). N\u00e6sti skjalavar\u00f0afundur er fyrirhuga\u00f0ur \u00e1 H\u00f6fn \u00ed Hornafir\u00f0i \u00e1 komandi vori.<\/p>\n<p align=\"right\">HL<\/p>\n","protected":false},"excerpt":{"rendered":"<p>Dagana 5. og 6. n\u00f3vember sl. hittust skjalaver\u00f0ir fr\u00e1 \u00dej\u00f3\u00f0skjalasafni \u00cdslands og h\u00e9ra\u00f0sskjalas\u00f6fnum landsins \u00e1 fundi \u00ed fundarsal \u00dej\u00f3\u00f0skjalasafns. Um var a\u00f0 r\u00e6\u00f0a reglulegan fund skjalavar\u00f0a, en s\u00ed\u00f0ast var sl\u00edkur fundur haldinn \u00e1 Egilsst\u00f6\u00f0um 29. og 30. apr\u00edl sl. \u00de\u00f3<\/p>\n","protected":false},"author":2,"featured_media":0,"comment_status":"closed","ping_status":"closed","sticky":false,"template":"","format":"standard","meta":{"footnotes":""},"categories":[5],"tags":[],"class_list":["post-166","post","type-post","status-publish","format-standard","hentry","category-frettir"],"_links":{"self":[{"href":"https:\/\/heradsskjalasafn.is\/index.php?rest_route=\/wp\/v2\/posts\/166","targetHints":{"allow":["GET"]}}],"collection":[{"href":"https:\/\/heradsskjalasafn.is\/index.php?rest_route=\/wp\/v2\/posts"}],"about":[{"href":"https:\/\/heradsskjalasafn.is\/index.php?rest_route=\/wp\/v2\/types\/post"}],"author":[{"embeddable":true,"href":"https:\/\/heradsskjalasafn.is\/index.php?rest_route=\/wp\/v2\/users\/2"}],"replies":[{"embeddable":true,"href":"https:\/\/heradsskjalasafn.is\/index.php?rest_route=%2Fwp%2Fv2%2Fcomments&post=166"}],"version-history":[{"count":1,"href":"https:\/\/heradsskjalasafn.is\/index.php?rest_route=\/wp\/v2\/posts\/166\/revisions"}],"predecessor-version":[{"id":167,"href":"https:\/\/heradsskjalasafn.is\/index.php?rest_route=\/wp\/v2\/posts\/166\/revisions\/167"}],"wp:attachment":[{"href":"https:\/\/heradsskjalasafn.is\/index.php?rest_route=%2Fwp%2Fv2%2Fmedia&parent=166"}],"wp:term":[{"taxonomy":"category","embeddable":true,"href":"https:\/\/heradsskjalasafn.is\/index.php?rest_route=%2Fwp%2Fv2%2Fcategories&post=166"},{"taxonomy":"post_tag","embeddable":true,"href":"https:\/\/heradsskjalasafn.is\/index.php?rest_route=%2Fwp%2Fv2%2Ftags&post=166"}],"curies":[{"name":"wp","href":"https:\/\/api.w.org\/{rel}","templated":true}]}}