{"id":164,"date":"2009-11-19T09:11:47","date_gmt":"2009-11-19T09:11:47","guid":{"rendered":"http:\/\/wp2.edge.is\/?p=164"},"modified":"2016-11-04T09:12:51","modified_gmt":"2016-11-04T09:12:51","slug":"manntalsvefur-thjodskjalasafnsins","status":"publish","type":"post","link":"https:\/\/heradsskjalasafn.is\/?p=164","title":{"rendered":"Manntalsvefur \u00dej\u00f3\u00f0skjalasafnsins"},"content":{"rendered":"<p>Katr\u00edn Jakobsd\u00f3ttir mennta- og menningarm\u00e1lar\u00e1\u00f0herra gangsetti n\u00fdjan manntalsvef \u00dej\u00f3\u00f0skjalasafns \u00cdslands laugardaginn 14.n\u00f3vember 2009 \u00e1 dagskr\u00e1 \u00ed \u00dej\u00f3\u00f0skjalasafni \u00cdslands a\u00f0\u00a0Laugavegi 162 \u00a0\u00ed tilefni\u00a0hins \u00e1rlega <a href=\"http:\/\/www.skjaladagur.is\/\" target=\"_blank\">Norr\u00e6na skjaladags<\/a>.<\/p>\n<p align=\"justify\">\u00a0\u00cd gangsetningar\u00e1varpi s\u00ednu ger\u00f0i menntam\u00e1lar\u00e1\u00f0herra a\u00f0 umtalsefni tengslin vi\u00f0 upprunann og mikilv\u00e6gi skjala fyrir minni, s\u00f6gu og sj\u00e1lfsvitund \u00fej\u00f3\u00f0arinnar.<\/p>\n<p><a href=\"http:\/\/wp1.edge.is\/wp-content\/uploads\/2014\/11\/norrskjaladagur14nov209radhmanntvefur.jpg\"><img loading=\"lazy\" decoding=\"async\" class=\"alignnone size-full wp-image-410\" src=\"http:\/\/wp1.edge.is\/wp-content\/uploads\/2014\/11\/norrskjaladagur14nov209radhmanntvefur.jpg\" alt=\"norrskjaladagur14nov209radhmanntvefur\" width=\"421\" height=\"389\" \/><\/a><\/p>\n<p><em>Katr\u00edn Jakobsd\u00f3ttir menntam\u00e1lar\u00e1\u00f0herra gangsetur manntalsvef \u00dej\u00f3\u00f0skjalasafnsins 14. n\u00f3vember 2009 vi\u00f0 dynjandi l\u00f3fatak.<\/em><\/p>\n<p>Benedikt J\u00f3nsson s\u00e9rfr\u00e6\u00f0ingur \u00e1 \u00dej\u00f3\u00f0skjalasafninu kynnti svo vefinn me\u00f0 \u00fev\u00ed a\u00f0 rekja s\u00f6gu eins einstaklings \u00ed mannt\u00f6lum \u00e1 vefnum.<span id=\"more-409\"><\/span><\/p>\n<p>Manntalsvefurinn er \u00e1rangur innsl\u00e1ttarverkefnis sem fram hefur fari\u00f0 v\u00ed\u00f0a um land m.a. \u00ed tengslum vi\u00f0 <a href=\"http:\/\/www.fjarmalaraduneyti.is\/frettir\/frettatilkynningar\/frettatilkynningar\/nr\/9115\" target=\"_blank\">m\u00f3tv\u00e6gisa\u00f0ger\u00f0ir gegn atvinnuleysi<\/a> \u00e1 landsbygg\u00f0inni vegna ni\u00f0urskur\u00f0ar \u00e1 \u00feorskkv\u00f3ta. \u00dea\u00f0 bygg\u00f0ist \u00e1 samstarfi \u00dej\u00f3\u00f0skjalasafns vi\u00f0 h\u00e9ra\u00f0sskjalas\u00f6fn en \u00feau trygg\u00f0u \u00f6ryggi skjalanna, fag\u00feekkingu vi\u00f0 me\u00f0fer\u00f0 og umgengni vi\u00f0 \u00feau um lei\u00f0 og hugsa\u00f0 var til \u00feess a\u00f0 efla starfsemi h\u00e9ra\u00f0sskjalasafnanna. H\u00e9ra\u00f0sskjalasafni\u00f0 \u00ed Vestmannaeyjum, H\u00e9ra\u00f0sskjalasafn Austfir\u00f0inga \u00e1 Egilsst\u00f6\u00f0um og H\u00e9ra\u00f0sskjalasafn Skagfir\u00f0inga \u00e1 Sau\u00f0\u00e1rkr\u00f3ki unnu a\u00f0 skr\u00e1ningunni.<\/p>\n<p align=\"justify\">Er n\u00e1nari grein ger\u00f0 fyrir undirb\u00faningi og vinnu a\u00f0 manntalsvefnum \u00e1 sj\u00e1lfum vefnum, auk \u00feess um hva\u00f0a manntalsuppl\u00fdsingar er a\u00f0 r\u00e6\u00f0a (undir Uppl\u00fdsingar): <a href=\"http:\/\/manntal.is\/\" target=\"_blank\">Manntalsvefur \u00dej\u00f3\u00f0skjalasafnsins<\/a><\/p>\n<p>Fagna ber \u00fev\u00ed grei\u00f0a a\u00f0gengi sem f\u00e6st a\u00f0 manntalsuppl\u00fdsingum me\u00f0 \u00feessum vef.<\/p>\n<p>Mikilv\u00e6gt er a\u00f0 frumskj\u00f6l, eins og mannt\u00f6l, sem v\u00e6nta m\u00e1 a\u00f0 margir vilji sko\u00f0a, t.d. \u00e6ttfr\u00e6\u00f0ingar, f\u00e1i hv\u00edld me\u00f0 \u00fev\u00ed a\u00f0 gera afrit af \u00feeim a\u00f0gengileg. Me\u00f0 \u00fev\u00ed er s\u00f6nnunargildi \u00feeirra og upprunaleiki var\u00f0veittur \u00f3skertur \u00f3komnum kynsl\u00f3\u00f0um til handa.<\/p>\n<p>Kirkjub\u00e6kur eru a\u00f0gengilegar \u00e1 netinu erlendis \u00e1 heimas\u00ed\u00f0um \u00fej\u00f3\u00f0skjalasafna og ver\u00f0ur \u00feess vonandi ekki langt a\u00f0 b\u00ed\u00f0a a\u00f0 \u00dej\u00f3\u00f0skjalasafni\u00f0 geri \u00edslenskar kirkjub\u00e6kur a\u00f0gengilegar \u00e1 vef s\u00ednum.<\/p>\n<p>HS<\/p>\n","protected":false},"excerpt":{"rendered":"<p>Katr\u00edn Jakobsd\u00f3ttir mennta- og menningarm\u00e1lar\u00e1\u00f0herra gangsetti n\u00fdjan manntalsvef \u00dej\u00f3\u00f0skjalasafns \u00cdslands laugardaginn 14.n\u00f3vember 2009 \u00e1 dagskr\u00e1 \u00ed \u00dej\u00f3\u00f0skjalasafni \u00cdslands a\u00f0\u00a0Laugavegi 162 \u00a0\u00ed tilefni\u00a0hins \u00e1rlega Norr\u00e6na skjaladags. \u00a0\u00cd gangsetningar\u00e1varpi s\u00ednu ger\u00f0i menntam\u00e1lar\u00e1\u00f0herra a\u00f0 umtalsefni tengslin vi\u00f0 upprunann og mikilv\u00e6gi skjala fyrir minni,<\/p>\n","protected":false},"author":2,"featured_media":0,"comment_status":"closed","ping_status":"closed","sticky":false,"template":"","format":"standard","meta":{"footnotes":""},"categories":[5],"tags":[],"class_list":["post-164","post","type-post","status-publish","format-standard","hentry","category-frettir"],"_links":{"self":[{"href":"https:\/\/heradsskjalasafn.is\/index.php?rest_route=\/wp\/v2\/posts\/164","targetHints":{"allow":["GET"]}}],"collection":[{"href":"https:\/\/heradsskjalasafn.is\/index.php?rest_route=\/wp\/v2\/posts"}],"about":[{"href":"https:\/\/heradsskjalasafn.is\/index.php?rest_route=\/wp\/v2\/types\/post"}],"author":[{"embeddable":true,"href":"https:\/\/heradsskjalasafn.is\/index.php?rest_route=\/wp\/v2\/users\/2"}],"replies":[{"embeddable":true,"href":"https:\/\/heradsskjalasafn.is\/index.php?rest_route=%2Fwp%2Fv2%2Fcomments&post=164"}],"version-history":[{"count":1,"href":"https:\/\/heradsskjalasafn.is\/index.php?rest_route=\/wp\/v2\/posts\/164\/revisions"}],"predecessor-version":[{"id":165,"href":"https:\/\/heradsskjalasafn.is\/index.php?rest_route=\/wp\/v2\/posts\/164\/revisions\/165"}],"wp:attachment":[{"href":"https:\/\/heradsskjalasafn.is\/index.php?rest_route=%2Fwp%2Fv2%2Fmedia&parent=164"}],"wp:term":[{"taxonomy":"category","embeddable":true,"href":"https:\/\/heradsskjalasafn.is\/index.php?rest_route=%2Fwp%2Fv2%2Fcategories&post=164"},{"taxonomy":"post_tag","embeddable":true,"href":"https:\/\/heradsskjalasafn.is\/index.php?rest_route=%2Fwp%2Fv2%2Ftags&post=164"}],"curies":[{"name":"wp","href":"https:\/\/api.w.org\/{rel}","templated":true}]}}