{"id":162,"date":"2009-11-19T09:10:17","date_gmt":"2009-11-19T09:10:17","guid":{"rendered":"http:\/\/wp2.edge.is\/?p=162"},"modified":"2016-11-04T15:06:22","modified_gmt":"2016-11-04T15:06:22","slug":"norraenn-skjaladagur-2009","status":"publish","type":"post","link":"https:\/\/heradsskjalasafn.is\/?p=162","title":{"rendered":"Norr\u00e6nn skjaladagur 2009"},"content":{"rendered":"<p align=\"justify\">Hinn \u00e1rlegi Norr\u00e6ni skjaladagur var haldinn h\u00e1t\u00ed\u00f0legur laugardaginn 14. n\u00f3vember 2009.\u00a0\u00cd tilefni dagsins var, eins og undanfarin \u00e1r, settur upp s\u00e9rstakur\u00a0<a href=\"http:\/\/www.skjaladagur.is\/\" target=\"_blank\">vefur Norr\u00e6na skjaladagsins<\/a> me\u00f0 s\u00f6guk\u00f6flum fr\u00e1 \u00dej\u00f3\u00f0skjalasafni \u00cdslands og h\u00e9ra\u00f0sskjalas\u00f6fnunum.<\/p>\n<p align=\"justify\">\u00dej\u00f3\u00f0skjalasafn \u00cdslands, Borgarskjalasafn Reykjav\u00edkur og H\u00e9ra\u00f0sskjalasafn K\u00f3pavogs h\u00e9ldu sameiginlega upp \u00e1 daginn \u00ed h\u00fasn\u00e6\u00f0i \u00dej\u00f3\u00f0skjalasafnsins a\u00f0 Laugavegi 162.\u00a0<a href=\"http:\/\/www.kvenfelag.is\/\" target=\"_blank\">Kvenf\u00e9lagasamband \u00cdslands<\/a> t\u00f3k einnig \u00fe\u00e1tt \u00ed deginum \u00e1 \u00dej\u00f3\u00f0skjalasafninu sem a\u00f0 \u00feessu sinni var helga\u00f0ur konum og kvenf\u00e9l\u00f6gum.<\/p>\n<p><a href=\"http:\/\/wp1.edge.is\/wp-content\/uploads\/2014\/11\/norrskjaladagur14nov2009radhskjalaverdir1.jpg\"><img loading=\"lazy\" decoding=\"async\" src=\"http:\/\/wp1.edge.is\/wp-content\/uploads\/2014\/11\/norrskjaladagur14nov2009radhskjalaverdir1.jpg\" alt=\"norrskjaladagur14nov2009radhskjalaverdir1\" width=\"500\" height=\"375\" \/><\/a><\/p>\n<p><em>Katr\u00edn Jakobsd\u00f3ttir menntam\u00e1lar\u00e1\u00f0herra, Svanhildur Bogad\u00f3ttir borgarskjalav\u00f6r\u00f0ur, Hrafn Sveinbjarnarson h\u00e9ra\u00f0sskjalav\u00f6r\u00f0ur K\u00f3pavogs og \u00d3lafur \u00c1sgeirsson \u00fej\u00f3\u00f0skjalav\u00f6r\u00f0ur \u00ed \u00dej\u00f3\u00f0skjalasafni \u00cdslands \u00e1 Norr\u00e6num skjaladegi 14. n\u00f3vember 2009.<\/em><\/p>\n<p align=\"justify\">Vi\u00f0fangsefni\u00f0 sem var\u00f0 fyrir valinu \u201eKonur og kvenf\u00e9l\u00f6g\u201c helga\u00f0ist af \u00feeirri \u00e1herslu sem h\u00e9ra\u00f0sskjalas\u00f6fnin hafa lagt \u00e1 vi\u00f0t\u00f6ku skjalasafna kvenf\u00e9laga \u00ed \u00e1taksverkefni sem lauk n\u00fdlega. Afrakstur \u00feess ver\u00f0ur kynntur h\u00e9r \u00e1 vefnum.<\/p>\n<p align=\"justify\">Skjalas\u00f6fnin voru fj\u00f6ls\u00f3tt og t\u00f3kst dagurinn me\u00f0 \u00e1g\u00e6tum. H\u00e9ra\u00f0sskjalas\u00f6fnin \u00e1 Egilsst\u00f6\u00f0um, H\u00f6fn \u00ed Hornafir\u00f0i, Vestmannaeyjum, Akranesi, Borgarnesi, \u00cdsafir\u00f0i og Akureyri h\u00f6f\u00f0u opi\u00f0 h\u00fas \u00e1 deginum. S\u00fdningar \u00ed tilefni dagsins og \u00ed framhaldi af honum eru haldnar \u00ed nokkrum h\u00e9ra\u00f0sskjalasafnanna, sj\u00e1 <a href=\"http:\/\/www.skjaladagur.is\/dagskra.html\" target=\"_blank\">dagskr\u00e1 skjaladagsins<\/a>.<\/p>\n<p align=\"right\">HS<\/p>\n","protected":false},"excerpt":{"rendered":"<p>Hinn \u00e1rlegi Norr\u00e6ni skjaladagur var haldinn h\u00e1t\u00ed\u00f0legur laugardaginn 14. n\u00f3vember 2009.\u00a0\u00cd tilefni dagsins var, eins og undanfarin \u00e1r, settur upp s\u00e9rstakur\u00a0vefur Norr\u00e6na skjaladagsins me\u00f0 s\u00f6guk\u00f6flum fr\u00e1 \u00dej\u00f3\u00f0skjalasafni \u00cdslands og h\u00e9ra\u00f0sskjalas\u00f6fnunum. \u00dej\u00f3\u00f0skjalasafn \u00cdslands, Borgarskjalasafn Reykjav\u00edkur og H\u00e9ra\u00f0sskjalasafn K\u00f3pavogs h\u00e9ldu sameiginlega upp<\/p>\n","protected":false},"author":2,"featured_media":0,"comment_status":"closed","ping_status":"closed","sticky":false,"template":"","format":"standard","meta":{"footnotes":""},"categories":[5],"tags":[],"class_list":["post-162","post","type-post","status-publish","format-standard","hentry","category-frettir"],"_links":{"self":[{"href":"https:\/\/heradsskjalasafn.is\/index.php?rest_route=\/wp\/v2\/posts\/162","targetHints":{"allow":["GET"]}}],"collection":[{"href":"https:\/\/heradsskjalasafn.is\/index.php?rest_route=\/wp\/v2\/posts"}],"about":[{"href":"https:\/\/heradsskjalasafn.is\/index.php?rest_route=\/wp\/v2\/types\/post"}],"author":[{"embeddable":true,"href":"https:\/\/heradsskjalasafn.is\/index.php?rest_route=\/wp\/v2\/users\/2"}],"replies":[{"embeddable":true,"href":"https:\/\/heradsskjalasafn.is\/index.php?rest_route=%2Fwp%2Fv2%2Fcomments&post=162"}],"version-history":[{"count":2,"href":"https:\/\/heradsskjalasafn.is\/index.php?rest_route=\/wp\/v2\/posts\/162\/revisions"}],"predecessor-version":[{"id":288,"href":"https:\/\/heradsskjalasafn.is\/index.php?rest_route=\/wp\/v2\/posts\/162\/revisions\/288"}],"wp:attachment":[{"href":"https:\/\/heradsskjalasafn.is\/index.php?rest_route=%2Fwp%2Fv2%2Fmedia&parent=162"}],"wp:term":[{"taxonomy":"category","embeddable":true,"href":"https:\/\/heradsskjalasafn.is\/index.php?rest_route=%2Fwp%2Fv2%2Fcategories&post=162"},{"taxonomy":"post_tag","embeddable":true,"href":"https:\/\/heradsskjalasafn.is\/index.php?rest_route=%2Fwp%2Fv2%2Ftags&post=162"}],"curies":[{"name":"wp","href":"https:\/\/api.w.org\/{rel}","templated":true}]}}