{"id":159,"date":"2009-09-29T09:07:41","date_gmt":"2009-09-29T09:07:41","guid":{"rendered":"http:\/\/wp2.edge.is\/?p=159"},"modified":"2016-11-04T15:03:31","modified_gmt":"2016-11-04T15:03:31","slug":"bandarikin-gerast-adilar-ad-haag-sattmalanum-um-verndun-menningarverdmaeta-i-vopnudum-atokum","status":"publish","type":"post","link":"https:\/\/heradsskjalasafn.is\/?p=159","title":{"rendered":"Bandar\u00edkin gerast a\u00f0ilar a\u00f0 Haag s\u00e1ttm\u00e1lanum um verndun menningarver\u00f0m\u00e6ta \u00ed vopnu\u00f0um \u00e1t\u00f6kum"},"content":{"rendered":"<p><em>Bl\u00e1i skj\u00f6ldurinn er menningarleg samsv\u00f6run rau\u00f0a krossins. \u00deetta er verndarmerki sem er skilgreint \u00ed Haag s\u00e1ttm\u00e1lanum fr\u00e1 1954 um verndun menningarver\u00f0m\u00e6ta \u00ed vopnu\u00f0um \u00e1t\u00f6kum. Merkinu er \u00e6tla\u00f0 a\u00f0 au\u00f0kenna menningarver\u00f0m\u00e6ti \u00feeim til verndar \u00ed sl\u00edkum \u00e1t\u00f6kum.<\/em><\/p>\n<p align=\"justify\">Al\u00fej\u00f3\u00f0leg nefnd um Bl\u00e1a skj\u00f6ldin (<a href=\"http:\/\/www.ancbs.org\/\" target=\"_blank\">The International Committee of the Blue Shield<\/a>) var stofnu\u00f0 \u00e1ri\u00f0 1996 af fimm al\u00fej\u00f3\u00f0legum samt\u00f6kum til \u00feess a\u00f0 n\u00e1 fram markmi\u00f0um Haag s\u00e1ttm\u00e1lans.<\/p>\n<p align=\"justify\">\u00dea\u00f0 m\u00e1 telja til t\u00ed\u00f0inda a\u00f0 Bandar\u00edkin hafi n\u00fa loksins \u00ed mars s\u00ed\u00f0astli\u00f0num gerst a\u00f0ilar a\u00f0 Haag s\u00e1ttm\u00e1lanum fr\u00e1 1954 um verndun menningarver\u00f0m\u00e6ta \u00ed vopnu\u00f0um \u00e1t\u00f6kum. Bandar\u00edkin eru 123. r\u00edki heims til \u00feess a\u00f0 fallast \u00e1 s\u00e1ttm\u00e1lann.<\/p>\n<p align=\"justify\"><a href=\"http:\/\/portal.unesco.org\/en\/ev.php-URL_ID=44806&amp;URL_DO=DO_TOPIC&amp;URL_SECTION=201.html\" target=\"_blank\">Fr\u00e9tt hj\u00e1 UNESCO um \u00feetta.<\/a><\/p>\n<p align=\"justify\"><a href=\"http:\/\/www.culturalheritagelaw.org\/Resources\/Documents\/Testimony-Hague_Convention_Ratification.doc\">Yfirl\u00fdsing \u00fdmissa bandar\u00edskra samtaka \u00feeirra er var\u00f0veita menningararf, m.a. Bandar\u00edska skjalavar\u00f0af\u00e9lagsins til \u00f6ldungadeildar Bandar\u00edkja\u00feings.<\/a><\/p>\n<p align=\"justify\">Texti s\u00e1ttm\u00e1lans hj\u00e1 <a href=\"http:\/\/portal.unesco.org\/en\/ev.php-URL_ID=13637&amp;URL_DO=DO_TOPIC&amp;URL_SECTION=201.html\" target=\"_blank\">UNESCO<\/a> og hj\u00e1 <a href=\"http:\/\/www.icomos.org\/hague\/hague.convention.html\" target=\"_blank\">ICOMOS<\/a><\/p>\n<p align=\"justify\"><a href=\"http:\/\/www.uscbs.org\/resources.htm\" target=\"_blank\">Um s\u00e1ttm\u00e1lann hj\u00e1 Bandar\u00edsku nefnd bl\u00e1a skjaldarins.<\/a><\/p>\n<p align=\"justify\">\u00cdsland er ekki a\u00f0ili a\u00f0 \u00feessum s\u00e1ttm\u00e1la, sem er dapurlegt fyrir \u00fe\u00e1 sem starfa a\u00f0 var\u00f0veislu og verndun menningarver\u00f0m\u00e6ta \u00e1 \u00cdslandi. Markmi\u00f0 s\u00e1ttm\u00e1lans er al\u00fej\u00f3\u00f0legt bar\u00e1ttum\u00e1l skjalavar\u00f0a og annarra sem var\u00f0veita menningarver\u00f0m\u00e6ti.<\/p>\n<p align=\"justify\">HS<\/p>\n","protected":false},"excerpt":{"rendered":"<p>Bl\u00e1i skj\u00f6ldurinn er menningarleg samsv\u00f6run rau\u00f0a krossins. \u00deetta er verndarmerki sem er skilgreint \u00ed Haag s\u00e1ttm\u00e1lanum fr\u00e1 1954 um verndun menningarver\u00f0m\u00e6ta \u00ed vopnu\u00f0um \u00e1t\u00f6kum. Merkinu er \u00e6tla\u00f0 a\u00f0 au\u00f0kenna menningarver\u00f0m\u00e6ti \u00feeim til verndar \u00ed sl\u00edkum \u00e1t\u00f6kum. Al\u00fej\u00f3\u00f0leg nefnd um Bl\u00e1a<\/p>\n","protected":false},"author":2,"featured_media":0,"comment_status":"closed","ping_status":"closed","sticky":false,"template":"","format":"standard","meta":{"footnotes":""},"categories":[5],"tags":[],"class_list":["post-159","post","type-post","status-publish","format-standard","hentry","category-frettir"],"_links":{"self":[{"href":"https:\/\/heradsskjalasafn.is\/index.php?rest_route=\/wp\/v2\/posts\/159","targetHints":{"allow":["GET"]}}],"collection":[{"href":"https:\/\/heradsskjalasafn.is\/index.php?rest_route=\/wp\/v2\/posts"}],"about":[{"href":"https:\/\/heradsskjalasafn.is\/index.php?rest_route=\/wp\/v2\/types\/post"}],"author":[{"embeddable":true,"href":"https:\/\/heradsskjalasafn.is\/index.php?rest_route=\/wp\/v2\/users\/2"}],"replies":[{"embeddable":true,"href":"https:\/\/heradsskjalasafn.is\/index.php?rest_route=%2Fwp%2Fv2%2Fcomments&post=159"}],"version-history":[{"count":3,"href":"https:\/\/heradsskjalasafn.is\/index.php?rest_route=\/wp\/v2\/posts\/159\/revisions"}],"predecessor-version":[{"id":286,"href":"https:\/\/heradsskjalasafn.is\/index.php?rest_route=\/wp\/v2\/posts\/159\/revisions\/286"}],"wp:attachment":[{"href":"https:\/\/heradsskjalasafn.is\/index.php?rest_route=%2Fwp%2Fv2%2Fmedia&parent=159"}],"wp:term":[{"taxonomy":"category","embeddable":true,"href":"https:\/\/heradsskjalasafn.is\/index.php?rest_route=%2Fwp%2Fv2%2Fcategories&post=159"},{"taxonomy":"post_tag","embeddable":true,"href":"https:\/\/heradsskjalasafn.is\/index.php?rest_route=%2Fwp%2Fv2%2Ftags&post=159"}],"curies":[{"name":"wp","href":"https:\/\/api.w.org\/{rel}","templated":true}]}}